{"id":155,"date":"2018-01-16T12:20:33","date_gmt":"2018-01-16T11:20:33","guid":{"rendered":"http:\/\/www.parchidelgarda.com\/turismolagodigarda\/?p=155"},"modified":"2019-04-16T17:16:07","modified_gmt":"2019-04-16T15:16:07","slug":"mercatini-di-natale-sul-lago-di-garda","status":"publish","type":"post","link":"https:\/\/www.parchidelgarda.com\/turismolagodigarda\/mercatini-di-natale-sul-lago-di-garda\/","title":{"rendered":"Mercatini di Natale sul Lago di Garda"},"content":{"rendered":"<p><img loading=\"lazy\" decoding=\"async\" src=\"http:\/\/www.parchidelgarda.com\/turismolagodigarda\/wp-content\/uploads\/2018\/01\/mercatini-di-natale-pixabay.jpg\" alt=\"Mercatini di Natale\" width=\"650\" height=\"411\" class=\"aligncenter size-full wp-image-259\" srcset=\"https:\/\/www.parchidelgarda.com\/turismolagodigarda\/wp-content\/uploads\/2018\/01\/mercatini-di-natale-pixabay.jpg 650w, https:\/\/www.parchidelgarda.com\/turismolagodigarda\/wp-content\/uploads\/2018\/01\/mercatini-di-natale-pixabay-300x190.jpg 300w\" sizes=\"auto, (max-width: 650px) 100vw, 650px\" \/><\/p>\n<h2>I migliori mercatini di Natale in riva al Lago di Garda<\/h2>\n<p>Quando si pensa al <strong>Lago di Garda<\/strong> e alle localit\u00e0 che vi si affacciano si \u00e8 portati prevalentemente a immaginare questo angolo d\u2019Italia come a un\u2019area fortemente vocata alle vacanze estive. \u00c8 vero, almeno per la maggior parte delle persone che visitano questi luoghi durante la bella stagione, ma \u00e8 pur vero che sono numerose le attrattive che spingono tanti visitatori raggiungere le rive del Lago durante la <strong>stagione invernale<\/strong> e a ridosso delle <strong>festivit\u00e0 natalizie o per il capodanno<\/strong>. Tra le cose da fare in <strong>inverno sul Lago di Garda<\/strong> non possiamo non annoverare i Mercatini di Natale, i caratteristici mercati dove acquistare manufatti artigianali a tema natalizio, souvenir, decorazioni per l\u2019albero di natale e gustare goloserie tipiche del periodo invernale. Scopriamo assieme quali sono i <strong>Mercatini di Natale sul Lago di Garda da non perdere<\/strong> assolutamente.<\/p>\n<p>Il Lago Benaco lambisce tre distinte Regioni italiane e da ognuna di esse trae, facendole sue, usi costumi e tradizioni; il folklore dell\u2019area \u00e8 quindi quanto mai variopinto e ricco in tutte le stagioni ma niente \u00e8 magico e suggestivo quanto l\u2019atmosfera natalizia che si respira da queste parti. I paesi che si affacciano sullo specchio d\u2019acqua si addobbano come immensi presepi per non parlare delle luminarie, degli alberi di Natale nelle piazze e delle immancabili bancarelle. Ogni singolo elemento contribuisce a creare un\u2019atmosfera di festa tangibile nei profumi, nei sapori e nei sorrisi di grandi e piccini che passeggiano per le strade o affollano le <strong>bancarelle dei mercatini di Natale<\/strong>. I mercatini tradizionali sono un\u2019attrazione per tutta la famiglia, grandi e piccini troveranno di certo qualcosa per cui gioire, fosse anche soltanto per un dolcetto tipico o un oggetto da portare a casa legato al ricordo di una indimenticabile <strong>vacanza sul Lago di Garda<\/strong>. A tutti i turisti che intendono trascorrere un <strong>weekend invernale sul Lago di Garda<\/strong> ricordiamo l&#8217;<a href=\"http:\/\/www.parchidelgarda.com\/gardaland-offerte-biglietti-hotel.php\">apertura invernale di Gardaland, il parco divertimenti n.1 in Italia<\/a>.<\/p>\n<h3>Mercatini di Natale di Arco<\/h3>\n<p>Uno dei <strong>mercati di natale sul Lago di Garda pi\u00f9 conosciuti<\/strong> e frequentati da visitatori provenienti da ogni angolo del Paese \u00e8 quello di Arco, deliziosa cittadina in provincia di Trento. Durante il periodo natalizio le piazze di Arco si trasformano e vengono pacificamente invase dai visitatori attratti dalle tradizionali casette di legno che di fatto sono il corpo e l\u2019anima del mercatino di natale. Tra le bancarelle delle piazze di Arco si trovano piccole eccellenze dell\u2019artigianato locale, soprattutto per la produzione di manufatti scolpiti, secondo una millenaria tradizione, rigorosamente a mano. Particolarmente apprezzati sono <strong>i presepi e le candele decorate<\/strong> con i motivi delle festivit\u00e0 e dell\u2019inverno. Gli stand gastronomici riescono ad attrarre i visitatori con i profumi di tante delizie tipiche del territorio come le caldarroste o l\u2019immancabile vin br\u00fbl\u00e9 che scalda corpo e spirito. I bambini gioiranno per la presenza di animali da cortile e per il trenino che attraversa il paese passando per tutte le piazze e i luoghi dove, durante il periodo di feste, \u00e8 possibile assistere a <strong>spettacoli e mostre tematiche<\/strong>.<\/p>\n<h3>Mercatini di Natale a Lazise<\/h3>\n<p>Altra localit\u00e0 gardesana rinomata per i <strong>mercatini di natale<\/strong> \u00e8 il comune veneto di <a href=\"http:\/\/www.parchidelgarda.com\/lazise-offerte-hotel.php\">Lazise<\/a>, sulla sponda orientale del lago. Nella cittadina quella del mercatino \u00e8 ormai una tradizione consolidata e particolarmente dagli abitanti e dai visitatori che annualmente la raggiungono da ogni dove. Il <strong>mercatino di natale di Lazise<\/strong> si tiene nella celebre piazza Vittorio Emanuele II e si protrae anche sul Lungolago potendo cos\u00ec ospitare un gran numero di casette e di espositori, questo fa s\u00ec che il mercatino venga considerato come il pi\u00f9 grande del Lago Benaco. La visita alle bancarelle, sulle quali si pu\u00f2 trovare davvero di tutto, \u00e8 costantemente allietata da musica e canti natalizi che rendono ancor pi\u00f9 suggestiva e coinvolgente l\u2019atmosfera. Un passaggio obbligato per i visitatori del mercatino di Lazise \u00e8 il sontuoso presepe artistico allestito ogni anno nella <strong>Chiesa di San Nicol\u00f2<\/strong>. Eventi collaterali organizzati in concomitanza al mercatino di natale sono gli <strong>appuntamenti gastronomici Profumo del Tartufo di Baldo<\/strong> e a &#8220;A tavola&#8221; con il formaggio Monte veronese.<\/p>\n<h3>Mercatini di Natale a Garda<\/h3>\n<p>Natale tra gli Olivi \u00e8 il <strong>tradizionale mercatino di Natale<\/strong> allestito annualmente nel <strong>borgo medievale di Garda<\/strong>; la caratteristica conformazione del centro abitato rende ancor pi\u00f9 particolare e suggestivo il mercatino che si snoda tra piazza Catullo e sul lungolago Regina Adelaide dove viene allestito un presepe particolarmente curato e ormai divenuto celebre. Il <strong>programma del mercatino<\/strong> \u00e8 sempre particolarmente ricco di eventi ai quali tutti possono partecipare; si pu\u00f2 prendere parte a <strong>degustazioni di prodotti tipici<\/strong>, imparare arti antiche in laboratori per grandi e piccini.<\/p>\n<h3>Mercatini di Natale a Manerba del Garda<\/h3>\n<p>Si chiama invece <strong>Mercatino sotto l\u2019Albero il mercatino di natale di Manerba del Garda<\/strong>, si tratta di un evento particolarmente amato e sentito dalla popolazione locale che prende parte attiva in maniera massiccia dando cos\u00ec vita a una manifestazione imponente. Il mercatino di natale si tiene nelle piazze Garibaldi e Aldo moro, in questi spazi vengono collocati i <strong>tipici chalet di legno<\/strong> dove espongono gli artigiani e dove gustare bont\u00e0 tipiche. Particolarmente interessante \u00e8 l\u2019allestimento del mercato medievale nel quale vengono riproposti usi, costumi e intrattenimento dell\u2019epoca. Da vedere senz\u2019altro il <strong>Presepe Meccanico<\/strong> allestito annualmente nella Chiesa di San Giovanni. <\/p>\n<p>I <strong>mercatini di Natale del Lago di Garda<\/strong> non hanno nulla da invidiare ai <a href=\"https:\/\/www.sciareinitalia.it\/mercatini-di-natale.php\">pi\u00f9 famosi Mercatini di Natale del Trentino Alto Adige<\/a>.<\/p>\n","protected":false},"excerpt":{"rendered":"<p>I migliori mercatini di Natale in riva al Lago di Garda Quando si pensa al Lago di Garda e alle localit\u00e0 che vi si affacciano si \u00e8 portati prevalentemente a immaginare questo angolo d\u2019Italia come a un\u2019area fortemente vocata alle vacanze estive. \u00c8 vero, almeno per la maggior parte delle persone che visitano questi luoghi&hellip;&nbsp;<a href=\"https:\/\/www.parchidelgarda.com\/turismolagodigarda\/mercatini-di-natale-sul-lago-di-garda\/\" class=\"\" rel=\"bookmark\">Leggi tutto &raquo;<span class=\"screen-reader-text\">Mercatini di Natale sul Lago di Garda<\/span><\/a><\/p>\n","protected":false},"author":1,"featured_media":0,"comment_status":"open","ping_status":"open","sticky":false,"template":"","format":"standard","meta":{"neve_meta_sidebar":"","neve_meta_container":"","neve_meta_enable_content_width":"","neve_meta_content_width":0,"neve_meta_title_alignment":"","neve_meta_author_avatar":"","neve_post_elements_order":"","neve_meta_disable_header":"","neve_meta_disable_footer":"","neve_meta_disable_title":"","footnotes":""},"categories":[10],"tags":[],"class_list":["post-155","post","type-post","status-publish","format-standard","hentry","category-vacanze-sul-lago-di-garda"],"aioseo_notices":[],"amp_enabled":true,"_links":{"self":[{"href":"https:\/\/www.parchidelgarda.com\/turismolagodigarda\/wp-json\/wp\/v2\/posts\/155","targetHints":{"allow":["GET"]}}],"collection":[{"href":"https:\/\/www.parchidelgarda.com\/turismolagodigarda\/wp-json\/wp\/v2\/posts"}],"about":[{"href":"https:\/\/www.parchidelgarda.com\/turismolagodigarda\/wp-json\/wp\/v2\/types\/post"}],"author":[{"embeddable":true,"href":"https:\/\/www.parchidelgarda.com\/turismolagodigarda\/wp-json\/wp\/v2\/users\/1"}],"replies":[{"embeddable":true,"href":"https:\/\/www.parchidelgarda.com\/turismolagodigarda\/wp-json\/wp\/v2\/comments?post=155"}],"version-history":[{"count":4,"href":"https:\/\/www.parchidelgarda.com\/turismolagodigarda\/wp-json\/wp\/v2\/posts\/155\/revisions"}],"predecessor-version":[{"id":260,"href":"https:\/\/www.parchidelgarda.com\/turismolagodigarda\/wp-json\/wp\/v2\/posts\/155\/revisions\/260"}],"wp:attachment":[{"href":"https:\/\/www.parchidelgarda.com\/turismolagodigarda\/wp-json\/wp\/v2\/media?parent=155"}],"wp:term":[{"taxonomy":"category","embeddable":true,"href":"https:\/\/www.parchidelgarda.com\/turismolagodigarda\/wp-json\/wp\/v2\/categories?post=155"},{"taxonomy":"post_tag","embeddable":true,"href":"https:\/\/www.parchidelgarda.com\/turismolagodigarda\/wp-json\/wp\/v2\/tags?post=155"}],"curies":[{"name":"wp","href":"https:\/\/api.w.org\/{rel}","templated":true}]}}