{"id":199,"date":"2019-03-18T17:09:38","date_gmt":"2019-03-18T16:09:38","guid":{"rendered":"http:\/\/www.parchidelgarda.com\/turismolagodigarda\/?p=199"},"modified":"2025-04-26T11:32:13","modified_gmt":"2025-04-26T09:32:13","slug":"parco-sigurta-valeggio-sul-mincio-storia-premi","status":"publish","type":"post","link":"https:\/\/www.parchidelgarda.com\/turismolagodigarda\/parco-sigurta-valeggio-sul-mincio-storia-premi\/","title":{"rendered":"Parco Sigurt\u00e0 a Valeggio sul Mincio: storia e premi ricevuti"},"content":{"rendered":"<p><img loading=\"lazy\" decoding=\"async\" class=\"aligncenter size-full wp-image-886\" src=\"https:\/\/www.parchidelgarda.com\/turismolagodigarda\/wp-content\/uploads\/2023\/04\/parco-sigurta-fioritura-tulipani.jpg\" alt=\"\" width=\"1200\" height=\"758\" srcset=\"https:\/\/www.parchidelgarda.com\/turismolagodigarda\/wp-content\/uploads\/2023\/04\/parco-sigurta-fioritura-tulipani.jpg 1200w, https:\/\/www.parchidelgarda.com\/turismolagodigarda\/wp-content\/uploads\/2023\/04\/parco-sigurta-fioritura-tulipani-300x190.jpg 300w, https:\/\/www.parchidelgarda.com\/turismolagodigarda\/wp-content\/uploads\/2023\/04\/parco-sigurta-fioritura-tulipani-1024x647.jpg 1024w, https:\/\/www.parchidelgarda.com\/turismolagodigarda\/wp-content\/uploads\/2023\/04\/parco-sigurta-fioritura-tulipani-768x485.jpg 768w\" sizes=\"auto, (max-width: 1200px) 100vw, 1200px\" \/><\/p>\n<h3>Storia e descrizione del Parco Giardino Sigurt\u00e0<\/h3>\n<p><strong>Era il 19 marzo 1978 quando il Dottor Carlo Sigurt\u00e0 apr\u00ec per la prima volta al pubblico i cancelli del <a href=\"https:\/\/www.parchidelgarda.com\/parco-sigurta.php\">Parco Giardino Sigurt\u00e0<\/a><\/strong>, acquistato grazie ad un calesse nel 1941. Il Sig. Sigurt\u00e0, grazie all\u2019aiuto del nipote Enzo, professore universitario e psichiatra, seppe anno dopo anno rendere favolosa l\u2019immensa area verde, dedicando energie e cure e ponendosi come obiettivo il bene di questa incantevole oasi naturale.<\/p>\n<p>Oggi i figli di Enzo, Giuseppe e Magda, continuano con passione a preservare e a far conoscere il giardino botanico, proseguendo il lavoro svolto dai predecessori. <strong>Negli anni il Parco Sigurt\u00e0 ha accolto cos\u00ec milioni di visitatori provenienti da ogni parte del mondo ed \u00e8 diventato la meta ideale dove concedersi una giornata di relax e divertimento, grazie alla ricchezza botanica e floreale e al variegato calendario eventi per grandi e piccoli.<\/strong><\/p>\n<p>Tantissimi i punti di interesse da non perdere in questa oasi verde, che <strong>si estende per 600.000 metri quadrati su due colline<\/strong>: dal celebre Viale delle Rose al Labirinto, un percorso tra 1500 piante di tasso che si sviluppa su una superficie di 2500 metri quadrati, dal Grande Tappeto Erboso alla Fattoria Didattica, dimora di tanti simpatici animali, dal Castelletto, in passato luogo di incontro di scienziati e premi Nobel, alla Grande Quercia, senza dimenticare la Panchina degli Innamorati.<\/p>\n<p><img loading=\"lazy\" decoding=\"async\" class=\"aligncenter size-full wp-image-201\" src=\"http:\/\/www.parchidelgarda.com\/turismolagodigarda\/wp-content\/uploads\/2019\/03\/parco-giardino-sigurta.jpg\" alt=\"Giardino acquatico al Parco Sigurt\u00e0\" width=\"650\" height=\"434\" srcset=\"https:\/\/www.parchidelgarda.com\/turismolagodigarda\/wp-content\/uploads\/2019\/03\/parco-giardino-sigurta.jpg 650w, https:\/\/www.parchidelgarda.com\/turismolagodigarda\/wp-content\/uploads\/2019\/03\/parco-giardino-sigurta-300x200.jpg 300w\" sizes=\"auto, (max-width: 650px) 100vw, 650px\" \/><\/p>\n<h3>Premi e riconoscimenti ricevuti dal Parco Sigurt\u00e0<\/h3>\n<p><strong>Nel corso degli anni, il Parco Giardino Sigurt\u00e0 ha ricevuto numerosi riconoscimenti a livello nazionale e internazionale, tra cui:<\/strong><\/p>\n<p>2013: Premio &#8220;Parco Pi\u00f9 Bello d\u2019Italia&#8221;, assegnato dal network ilparcopiubello.it;<br \/>\n2015: Titolo di &#8220;Secondo Parco Pi\u00f9 Bello d\u2019Europa&#8221;, conferito dall\u2019European Garden Award;<br \/>\n2016: Premio &#8220;Fioritura Pi\u00f9 Bella d\u2019Italia&#8221; da Parksmania.it per l\u2019evento Tulipanomania, riconosciuto a livello mondiale per la straordinaria fioritura di oltre un milione di tulipani ogni primavera;<br \/>\n2017: Riconoscimento dall\u2019European Award for Ecological Gardening nella categoria &#8220;Giardini per i Visitatori&#8221;, riservato ai giardini che promuovono la sensibilizzazione sul giardinaggio ecologico;<br \/>\n2017: Partecipazione al World Tulip Summit, conferenza internazionale svoltasi in Canada e dedicata alla fioritura dei tulipani;<br \/>\n2022: Premio &#8220;Miglior Festival di Tulipani&#8221;, riconoscimento che celebra l\u2019eccellenza di Tulipanomania;<br \/>\n2023: Garden Tourism Award come &#8220;Miglior Giardino Visitabile al Mondo&#8221;, attestando il valore turistico e botanico del parco;<br \/>\n2024: World Tulip Innovation Award, ulteriore conferma dell\u2019impegno del parco nell\u2019innovazione florovivaistica.<\/p>\n<p><a href=\"https:\/\/www.parchidelgarda.com\/parco-sigurta.php\">Acquista qui i tuoi Biglietti Scontati per il Parco Sigurt\u00e0<\/a><\/p>\n","protected":false},"excerpt":{"rendered":"<p>Parco Sigurt\u00e0 a Valeggio sul Mincio: storia del giardino botanico e premi ricevuti per gli eventi e le fioriture<\/p>\n","protected":false},"author":1,"featured_media":886,"comment_status":"open","ping_status":"open","sticky":false,"template":"","format":"standard","meta":{"neve_meta_sidebar":"","neve_meta_container":"","neve_meta_enable_content_width":"","neve_meta_content_width":0,"neve_meta_title_alignment":"","neve_meta_author_avatar":"","neve_post_elements_order":"","neve_meta_disable_header":"","neve_meta_disable_footer":"","neve_meta_disable_title":"","footnotes":""},"categories":[15],"tags":[],"class_list":["post-199","post","type-post","status-publish","format-standard","has-post-thumbnail","hentry","category-parco-giardino-sigurta"],"aioseo_notices":[],"amp_enabled":true,"_links":{"self":[{"href":"https:\/\/www.parchidelgarda.com\/turismolagodigarda\/wp-json\/wp\/v2\/posts\/199","targetHints":{"allow":["GET"]}}],"collection":[{"href":"https:\/\/www.parchidelgarda.com\/turismolagodigarda\/wp-json\/wp\/v2\/posts"}],"about":[{"href":"https:\/\/www.parchidelgarda.com\/turismolagodigarda\/wp-json\/wp\/v2\/types\/post"}],"author":[{"embeddable":true,"href":"https:\/\/www.parchidelgarda.com\/turismolagodigarda\/wp-json\/wp\/v2\/users\/1"}],"replies":[{"embeddable":true,"href":"https:\/\/www.parchidelgarda.com\/turismolagodigarda\/wp-json\/wp\/v2\/comments?post=199"}],"version-history":[{"count":6,"href":"https:\/\/www.parchidelgarda.com\/turismolagodigarda\/wp-json\/wp\/v2\/posts\/199\/revisions"}],"predecessor-version":[{"id":1036,"href":"https:\/\/www.parchidelgarda.com\/turismolagodigarda\/wp-json\/wp\/v2\/posts\/199\/revisions\/1036"}],"wp:featuredmedia":[{"embeddable":true,"href":"https:\/\/www.parchidelgarda.com\/turismolagodigarda\/wp-json\/wp\/v2\/media\/886"}],"wp:attachment":[{"href":"https:\/\/www.parchidelgarda.com\/turismolagodigarda\/wp-json\/wp\/v2\/media?parent=199"}],"wp:term":[{"taxonomy":"category","embeddable":true,"href":"https:\/\/www.parchidelgarda.com\/turismolagodigarda\/wp-json\/wp\/v2\/categories?post=199"},{"taxonomy":"post_tag","embeddable":true,"href":"https:\/\/www.parchidelgarda.com\/turismolagodigarda\/wp-json\/wp\/v2\/tags?post=199"}],"curies":[{"name":"wp","href":"https:\/\/api.w.org\/{rel}","templated":true}]}}