{"id":846,"date":"2024-09-16T12:10:32","date_gmt":"2024-09-16T10:10:32","guid":{"rendered":"https:\/\/www.parchidelgarda.com\/turismolagodigarda\/?p=846"},"modified":"2024-09-16T12:10:33","modified_gmt":"2024-09-16T10:10:33","slug":"gardaland-oktoberfest-2024","status":"publish","type":"post","link":"https:\/\/www.parchidelgarda.com\/turismolagodigarda\/gardaland-oktoberfest-2024\/","title":{"rendered":"Gardaland Oktoberfest 2024"},"content":{"rendered":"\n<figure class=\"wp-block-image size-large\"><img loading=\"lazy\" decoding=\"async\" width=\"1024\" height=\"576\" src=\"https:\/\/www.parchidelgarda.com\/turismolagodigarda\/wp-content\/uploads\/2024\/09\/gardaland-oktoberfest-1024x576.jpg\" alt=\"Prezzemolo di Gardaland con il costume dell'Oktoberfest\" class=\"wp-image-848\" srcset=\"https:\/\/www.parchidelgarda.com\/turismolagodigarda\/wp-content\/uploads\/2024\/09\/gardaland-oktoberfest-1024x576.jpg 1024w, https:\/\/www.parchidelgarda.com\/turismolagodigarda\/wp-content\/uploads\/2024\/09\/gardaland-oktoberfest-300x169.jpg 300w, https:\/\/www.parchidelgarda.com\/turismolagodigarda\/wp-content\/uploads\/2024\/09\/gardaland-oktoberfest-768x432.jpg 768w, https:\/\/www.parchidelgarda.com\/turismolagodigarda\/wp-content\/uploads\/2024\/09\/gardaland-oktoberfest.jpg 1200w\" sizes=\"auto, (max-width: 1024px) 100vw, 1024px\" \/><\/figure>\n\n\n\n<p>Dal 14 al 29 settembre, con&nbsp;<strong>Gardaland Oktoberfest<\/strong>, i sapori invitanti, la musica festosa, le caratteristiche decorazioni e l\u2019immancabile birra incontreranno la magia e l\u2019adrenalina del Parco che, vestito per l\u2019occasione con tutti gli elementi pi\u00f9 caratteristici &#8211; dalle tipiche bandierine bianche e azzurre agli alberi della cuccagna rigorosamente a tema &#8211; sapr\u00e0 coinvolgere nel magico mondo bavarese anche i pi\u00f9 piccoli. Gardaland Oktoberfest \u00e8 l\u2019appuntamento perfetto per vivere l\u2019atmosfera tipica di questo tradizionale festival, conosciuto in tutto il mondo, e trascorrere una giornata di relax e divertimento assaporando buonissimi piatti della tradizione teutonica accompagnati da ottima birra, autentica e prodotta esclusivamente per Gardaland. Per i pi\u00f9 golosi, sar\u00e0 impossibile resistere!<\/p>\n\n\n\n<p>Biglietti scontati e maggiori informazioni: https:\/\/www.parchionline.it\/gardaland-oktoberfest.php<\/p>\n\n\n\n<p><\/p>\n","protected":false},"excerpt":{"rendered":"<p>Dal 14 al 29 settembre, con&nbsp;Gardaland Oktoberfest, i sapori invitanti, la musica festosa, le caratteristiche decorazioni e l\u2019immancabile birra incontreranno la magia e l\u2019adrenalina del Parco che, vestito per l\u2019occasione con tutti gli elementi pi\u00f9 caratteristici &#8211; dalle tipiche bandierine bianche e azzurre agli alberi della cuccagna rigorosamente a tema &#8211; sapr\u00e0 coinvolgere nel magico&hellip;&nbsp;<a href=\"https:\/\/www.parchidelgarda.com\/turismolagodigarda\/gardaland-oktoberfest-2024\/\" class=\"\" rel=\"bookmark\">Leggi tutto &raquo;<span class=\"screen-reader-text\">Gardaland Oktoberfest 2024<\/span><\/a><\/p>\n","protected":false},"author":1,"featured_media":848,"comment_status":"closed","ping_status":"open","sticky":false,"template":"","format":"standard","meta":{"neve_meta_sidebar":"","neve_meta_container":"","neve_meta_enable_content_width":"","neve_meta_content_width":0,"neve_meta_title_alignment":"","neve_meta_author_avatar":"","neve_post_elements_order":"","neve_meta_disable_header":"","neve_meta_disable_footer":"","neve_meta_disable_title":"","footnotes":""},"categories":[12],"tags":[],"class_list":["post-846","post","type-post","status-publish","format-standard","has-post-thumbnail","hentry","category-gardaland"],"aioseo_notices":[],"amp_enabled":true,"_links":{"self":[{"href":"https:\/\/www.parchidelgarda.com\/turismolagodigarda\/wp-json\/wp\/v2\/posts\/846","targetHints":{"allow":["GET"]}}],"collection":[{"href":"https:\/\/www.parchidelgarda.com\/turismolagodigarda\/wp-json\/wp\/v2\/posts"}],"about":[{"href":"https:\/\/www.parchidelgarda.com\/turismolagodigarda\/wp-json\/wp\/v2\/types\/post"}],"author":[{"embeddable":true,"href":"https:\/\/www.parchidelgarda.com\/turismolagodigarda\/wp-json\/wp\/v2\/users\/1"}],"replies":[{"embeddable":true,"href":"https:\/\/www.parchidelgarda.com\/turismolagodigarda\/wp-json\/wp\/v2\/comments?post=846"}],"version-history":[{"count":1,"href":"https:\/\/www.parchidelgarda.com\/turismolagodigarda\/wp-json\/wp\/v2\/posts\/846\/revisions"}],"predecessor-version":[{"id":849,"href":"https:\/\/www.parchidelgarda.com\/turismolagodigarda\/wp-json\/wp\/v2\/posts\/846\/revisions\/849"}],"wp:featuredmedia":[{"embeddable":true,"href":"https:\/\/www.parchidelgarda.com\/turismolagodigarda\/wp-json\/wp\/v2\/media\/848"}],"wp:attachment":[{"href":"https:\/\/www.parchidelgarda.com\/turismolagodigarda\/wp-json\/wp\/v2\/media?parent=846"}],"wp:term":[{"taxonomy":"category","embeddable":true,"href":"https:\/\/www.parchidelgarda.com\/turismolagodigarda\/wp-json\/wp\/v2\/categories?post=846"},{"taxonomy":"post_tag","embeddable":true,"href":"https:\/\/www.parchidelgarda.com\/turismolagodigarda\/wp-json\/wp\/v2\/tags?post=846"}],"curies":[{"name":"wp","href":"https:\/\/api.w.org\/{rel}","templated":true}]}}